{"id":31852,"date":"2026-04-29T08:15:00","date_gmt":"2026-04-29T06:15:00","guid":{"rendered":"https:\/\/www.rue-montgallet.com\/actualites\/?p=31852"},"modified":"2026-04-29T08:15:00","modified_gmt":"2026-04-29T06:15:00","slug":"pc-portable-14-pouces-le-format-taille-pour-les-professionnels-nomades","status":"publish","type":"post","link":"https:\/\/www.rue-montgallet.com\/actualites\/pc-portable-14-pouces-le-format-taille-pour-les-professionnels-nomades\/","title":{"rendered":"PC portable 14 pouces : le format taill\u00e9 pour les professionnels nomades"},"content":{"rendered":"<p>\n    Pour les professionnels en d\u00e9placement, le PC portable 14 pouces s&rsquo;est impos\u00e9 comme une r\u00e9f\u00e9rence incontournable. Ni trop<br \/>\n    encombrant, ni trop compact, cet ordinateur portable offre un \u00e9quilibre rare entre puissance, portabilit\u00e9 et confort<br \/>\n    d&rsquo;utilisation. Que l&rsquo;on soit acheteur IT en entreprise ou utilisateur nomade \u00e0 la recherche d&rsquo;une machine fiable, le format 14<br \/>\n    pouces r\u00e9pond \u00e0 des exigences pr\u00e9cises. Voici les crit\u00e8res, les composants et les usages \u00e0 conna\u00eetre pour faire le bon<br \/>\n    choix.\n<\/p>\n<h2>Quels crit\u00e8res pour bien choisir son ordinateur portable 14 pouces ?<\/h2>\n<p>\n    Choisir un <strong>ordinateur portable 14 pouces<\/strong> pour un usage professionnel ne se r\u00e9sume pas \u00e0 comparer des fiches<br \/>\n    techniques. Plusieurs points doivent \u00eatre consid\u00e9r\u00e9s.\n<\/p>\n<p>\n    Le poids est le premier d&rsquo;entre eux. Un portable destin\u00e9 aux nomades doit rester sous la barre du kilo et demi pour ne pas<br \/>\n    alourdir les d\u00e9placements quotidiens. La connectique joue \u00e9galement un r\u00f4le d\u00e9terminant : ports USB-A, USB-C, HDMI et lecteur<br \/>\n    de carte SD constituent un minimum pour travailler en mobilit\u00e9 sans multiplier les adaptateurs.\n<\/p>\n<p>\n    Le clavier AZERTY est un crit\u00e8re souvent n\u00e9glig\u00e9, mais fondamental pour les utilisateurs francophones. La compatibilit\u00e9 avec<br \/>\n    Windows reste la norme dans les environnements IT d&rsquo;entreprise, m\u00eame si des alternatives comme macOS, pr\u00e9sent sur les MacBook<br \/>\n    d&rsquo;Apple, s\u00e9duisent certains profils cr\u00e9atifs. La dalle Full HD constitue le seuil de r\u00e9solution recommand\u00e9 pour un usage<br \/>\n    bureautique confortable. Pour les acheteurs souhaitant s&rsquo;appuyer sur une s\u00e9lection d\u00e9j\u00e0 qualifi\u00e9e, il est possible de <a\n    href=\"https:\/\/www.inmac-wstore.com\/pc-portable\/c507.htm?m=1091&#038;v=15287263\">choisir un Acer 14 pouces<\/a> par exemple parmi les r\u00e9f\u00e9rences de <strong>PC portables<br \/>\n    adapt\u00e9s aux profils nomades<\/strong>.\n<\/p>\n<p>\n<img decoding=\"async\" src=\"https:\/\/www.rue-montgallet.com\/actualites\/wp-content\/uploads\/2026\/04\/professionnel-nomade-PC-portable-14-pouces.jpg\" data-orig-src=\"https:\/\/www.rue-montgallet.com\/actualites\/wp-content\/uploads\/2026\/04\/professionnel-nomade-PC-portable-14-pouces.jpg\" alt=\"professionnel nomade PC portable 14 pouces\" width=\"1024\" height=\"683\" class=\"lazyload alignnone size-full wp-image-31854\" srcset=\"data:image\/svg+xml,%3Csvg%20xmlns%3D%27http%3A%2F%2Fwww.w3.org%2F2000%2Fsvg%27%20width%3D%271024%27%20height%3D%27683%27%20viewBox%3D%270%200%201024%20683%27%3E%3Crect%20width%3D%271024%27%20height%3D%27683%27%20fill-opacity%3D%220%22%2F%3E%3C%2Fsvg%3E\" data-srcset=\"https:\/\/www.rue-montgallet.com\/actualites\/wp-content\/uploads\/2026\/04\/professionnel-nomade-PC-portable-14-pouces-200x133.jpg 200w, https:\/\/www.rue-montgallet.com\/actualites\/wp-content\/uploads\/2026\/04\/professionnel-nomade-PC-portable-14-pouces-300x200.jpg 300w, https:\/\/www.rue-montgallet.com\/actualites\/wp-content\/uploads\/2026\/04\/professionnel-nomade-PC-portable-14-pouces-400x267.jpg 400w, https:\/\/www.rue-montgallet.com\/actualites\/wp-content\/uploads\/2026\/04\/professionnel-nomade-PC-portable-14-pouces-600x400.jpg 600w, https:\/\/www.rue-montgallet.com\/actualites\/wp-content\/uploads\/2026\/04\/professionnel-nomade-PC-portable-14-pouces-768x512.jpg 768w, https:\/\/www.rue-montgallet.com\/actualites\/wp-content\/uploads\/2026\/04\/professionnel-nomade-PC-portable-14-pouces-800x534.jpg 800w, https:\/\/www.rue-montgallet.com\/actualites\/wp-content\/uploads\/2026\/04\/professionnel-nomade-PC-portable-14-pouces.jpg 1024w\" data-sizes=\"auto\" data-orig-sizes=\"(max-width: 1024px) 100vw, 1024px\" \/>\n<\/p>\n<h2>Processeur, RAM et SSD : les composants qui d\u00e9finissent les performances<\/h2>\n<p>\n    Les <strong>performances d&rsquo;un portable 14 pouces<\/strong> reposent sur trois composants centraux que sont le processeur, la<br \/>\n    m\u00e9moire vive et le stockage.\n<\/p>\n<p>\n    Du c\u00f4t\u00e9 du CPU, les puces Intel Core i5 et i7 couvrent la majorit\u00e9 des usages professionnels courants (navigation multit\u00e2che,<br \/>\n    visioconf\u00e9rence, traitement de fichiers volumineux). Les profils plus exigeants, comme les analystes de donn\u00e9es ou les<br \/>\n    d\u00e9veloppeurs, peuvent se tourner vers un Intel Core i9 pour gagner en r\u00e9activit\u00e9 sur des t\u00e2ches intensives.\n<\/p>\n<p>\n    La RAM conditionne directement la fluidit\u00e9 du syst\u00e8me. Sous Windows, 8 Go repr\u00e9sentent le minimum acceptable, mais 16 Go<br \/>\n    s&rsquo;imposent d\u00e8s lors que l&rsquo;on jongle avec plusieurs applications simultan\u00e9ment. Certains mod\u00e8les de <strong>PC portables 14<br \/>\n    pouces<\/strong> haut de gamme proposent des configurations extensibles qui facilitent l&rsquo;\u00e9volution du parc IT.\n<\/p>\n<p>\n    Le SSD NVMe compl\u00e8te ce trio en garantissant des temps de d\u00e9marrage et de chargement nettement inf\u00e9rieurs \u00e0 ceux d&rsquo;un disque<br \/>\n    classique. Pour un usage en entreprise, un SSD de capacit\u00e9 suffisante \u00e9vite les contraintes de stockage externe au quotidien.<br \/>\n    L&rsquo;ensemble CPU, RAM et SSD forme la colonne vert\u00e9brale de tout ordinateur portable professionnel digne de ce nom.\n<\/p>\n<h2>Quel \u00e9cran choisir pour un confort visuel optimal en d\u00e9placement ?<\/h2>\n<p>\n    L&rsquo;\u00e9cran est l&rsquo;interface principale entre l&rsquo;utilisateur et son outil informatique. Sur un portable 14 pouces, le choix de la dalle<br \/>\n    influence directement le <strong>confort de travail<\/strong>, notamment en d\u00e9placement.\n<\/p>\n<p>\n    La technologie IPS LED reste la r\u00e9f\u00e9rence polyvalente : elle offre de bons angles de vision, une colorim\u00e9trie correcte et une<br \/>\n    luminosit\u00e9 suffisante pour la plupart des environnements de bureau. Pour les profils qui travaillent en ext\u00e9rieur ou dans des<br \/>\n    espaces tr\u00e8s lumineux, un traitement antireflet efficace devient indispensable.\n<\/p>\n<p>\n    Les dalles OLED repr\u00e9sentent le haut du spectre en mati\u00e8re d&rsquo;affichage. Elles offrent des noirs profonds, un contraste<br \/>\n    exceptionnel et une couverture colorim\u00e9trique \u00e9tendue. Ces caract\u00e9ristiques s\u00e9duisent les profils cr\u00e9atifs ou les<strong><br \/>\n    utilisateurs sensibles \u00e0 la qualit\u00e9 visuelle<\/strong>. En revanche, leur co\u00fbt plus \u00e9lev\u00e9 les r\u00e9serve souvent aux gammes<br \/>\n    premium.\n<\/p>\n<p>\n    La r\u00e9solution Full HD reste le standard recommand\u00e9 pour un usage bureautique. Elle garantit une lisibilit\u00e9 optimale des textes<br \/>\n    et des interfaces sans solliciter excessivement le GPU, ce qui contribue \u00e0 pr\u00e9server l&rsquo;autonomie. Pour les usages mixtes<br \/>\n    (pr\u00e9sentation, tableur, traitement de texte) un \u00e9cran 14 pouces Full HD IPS constitue un choix coh\u00e9rent et \u00e9conomique.\n<\/p>\n<p><img decoding=\"async\" src=\"https:\/\/www.rue-montgallet.com\/actualites\/wp-content\/uploads\/2026\/04\/visuel-professionnels-portable-nomades-taille.jpg\" data-orig-src=\"https:\/\/www.rue-montgallet.com\/actualites\/wp-content\/uploads\/2026\/04\/visuel-professionnels-portable-nomades-taille.jpg\" alt=\"professionnel nomade PC portable 14 pouces\" width=\"1024\" height=\"682\" class=\"lazyload alignnone size-full wp-image-31855\" srcset=\"data:image\/svg+xml,%3Csvg%20xmlns%3D%27http%3A%2F%2Fwww.w3.org%2F2000%2Fsvg%27%20width%3D%271024%27%20height%3D%27682%27%20viewBox%3D%270%200%201024%20682%27%3E%3Crect%20width%3D%271024%27%20height%3D%27682%27%20fill-opacity%3D%220%22%2F%3E%3C%2Fsvg%3E\" data-srcset=\"https:\/\/www.rue-montgallet.com\/actualites\/wp-content\/uploads\/2026\/04\/visuel-professionnels-portable-nomades-taille-200x133.jpg 200w, https:\/\/www.rue-montgallet.com\/actualites\/wp-content\/uploads\/2026\/04\/visuel-professionnels-portable-nomades-taille-300x200.jpg 300w, https:\/\/www.rue-montgallet.com\/actualites\/wp-content\/uploads\/2026\/04\/visuel-professionnels-portable-nomades-taille-400x266.jpg 400w, https:\/\/www.rue-montgallet.com\/actualites\/wp-content\/uploads\/2026\/04\/visuel-professionnels-portable-nomades-taille-600x400.jpg 600w, https:\/\/www.rue-montgallet.com\/actualites\/wp-content\/uploads\/2026\/04\/visuel-professionnels-portable-nomades-taille-768x512.jpg 768w, https:\/\/www.rue-montgallet.com\/actualites\/wp-content\/uploads\/2026\/04\/visuel-professionnels-portable-nomades-taille-800x533.jpg 800w, https:\/\/www.rue-montgallet.com\/actualites\/wp-content\/uploads\/2026\/04\/visuel-professionnels-portable-nomades-taille.jpg 1024w\" data-sizes=\"auto\" data-orig-sizes=\"(max-width: 1024px) 100vw, 1024px\" \/><\/p>\n<h2>Autonomie et l\u00e9g\u00e8ret\u00e9 : les atouts cl\u00e9s pour travailler sans contrainte<\/h2>\n<p>\n    Le format 14 pouces tire une grande partie de sa valeur de son \u00e9quation poids-autonomie. Les mod\u00e8les les plus aboutis descendent<br \/>\n    sous le kilo et demi tout en affichant des dur\u00e9es de fonctionnement sur batterie comprises entre huit et douze heures en usage<br \/>\n    r\u00e9el. Ce <strong>niveau d&rsquo;autonomie<\/strong> permet de traverser une journ\u00e9e de terrain sans d\u00e9pendre d&rsquo;une prise secteur.\n<\/p>\n<p>\n    La gestion thermique contribue \u00e9galement \u00e0 la durabilit\u00e9 de la machine. Un syst\u00e8me de refroidissement bien con\u00e7u maintient<br \/>\n    les performances du CPU dans le temps, m\u00eame lors de sessions prolong\u00e9es. Sous Windows, les <strong>modes d&rsquo;\u00e9conomie<br \/>\n    d&rsquo;\u00e9nergie<\/strong> permettent d&rsquo;adapter dynamiquement la consommation selon l&rsquo;intensit\u00e9 des t\u00e2ches, un atout non n\u00e9gligeable<br \/>\n    pour les nomades qui encha\u00eenent r\u00e9unions et d\u00e9placements.\n<\/p>\n<p>\n    Des constructeurs comme Asus, avec l&rsquo;ExpertBook, ou Apple, avec le MacBook, ont fait de cette \u00e9quation leur argument central.<br \/>\n    Chacun propose une approche diff\u00e9rente et l\u00e0 o\u00f9 l&rsquo;un privil\u00e9gie la compatibilit\u00e9 Windows et la robustesse en environnement<br \/>\n    B2B, l&rsquo;autre mise sur l&rsquo;int\u00e9gration logicielle et la finesse de construction. Dans les deux cas, le <strong>PC portable 14<br \/>\n    pouces<\/strong> s&rsquo;affirme comme le gabarit de r\u00e9f\u00e9rence pour les professionnels qui ne veulent pas choisir entre performance et<br \/>\n    mobilit\u00e9.\n<\/p>\n<h2>Ce gabarit s&rsquo;impose comme la norme dans les achats IT des entreprises<\/h2>\n<p>\n    Le 14 pouces est devenu le format dominant dans les<strong> politiques d&rsquo;achat IT des entreprises<\/strong>. Les directions<br \/>\n    informatiques y trouvent un compromis id\u00e9al entre standardisation, co\u00fbt total de possession et satisfaction des utilisateurs.\n<\/p>\n<p>\n    La gestion d&rsquo;un parc homog\u00e8ne de <strong>portables 14 pouces<\/strong> simplifie les op\u00e9rations de maintenance, de d\u00e9ploiement<br \/>\n    des images syst\u00e8me et de renouvellement. Un format unique r\u00e9duit la diversit\u00e9 des r\u00e9f\u00e9rences \u00e0 g\u00e9rer, ce qui all\u00e8ge la<br \/>\n    charge des \u00e9quipes IT.\n<\/p>\n<p>\n    Du point de vue budg\u00e9taire, un PC portable 14 pouces offre un rapport fonctionnalit\u00e9s-prix difficile \u00e0 concurrencer. Les gammes<br \/>\n    professionnelles proposent des configurations solides \u00e0 des tarifs ma\u00eetris\u00e9s. La compatibilit\u00e9 native avec Windows, les<br \/>\n    certifications de s\u00e9curit\u00e9 et les options de garantie \u00e9tendue renforcent encore l&rsquo;attractivit\u00e9 de ce format pour les<br \/>\n    d\u00e9cideurs IT.\n<\/p>\n<p>\n    Pour les entreprises qui cherchent \u00e0 rationaliser leurs achats sans sacrifier la productivit\u00e9 de leurs \u00e9quipes nomades, le<br \/>\n    <strong>portable 14 pouces<\/strong> s&rsquo;impose comme une r\u00e9ponse structur\u00e9e et \u00e9prouv\u00e9e.\n<\/p>\n<p>\n    Le PC portable au format 14 pouces concentre tout ce qu&rsquo;un professionnel nomade attend d&rsquo;un ordinateur portable : un poids<br \/>\n    contenu, une autonomie r\u00e9elle, des composants performants et un \u00e9cran adapt\u00e9 aux conditions de travail variables. Que l&rsquo;on<br \/>\n    \u00e9value un CPU Intel, une dalle OLED ou un SSD NVMe, chaque crit\u00e8re converge vers le m\u00eame objectif, \u00e0 savoir travailler<br \/>\n    efficacement, partout. Pour les acheteurs IT comme pour les utilisateurs individuels, ce format reste la valeur s\u00fbre du march\u00e9<br \/>\n    portable professionnel.<\/p>\n","protected":false},"excerpt":{"rendered":"<p>Pour les professionnels en d\u00e9placement, le PC portable 14 pouces s&rsquo;est impos\u00e9 comme une r\u00e9f\u00e9rence [&hellip;]<\/p>\n","protected":false},"author":8,"featured_media":31853,"comment_status":"closed","ping_status":"closed","sticky":false,"template":"","format":"standard","meta":{"yasr_overall_rating":0,"yasr_post_is_review":"","yasr_auto_insert_disabled":"","yasr_review_type":"","footnotes":""},"categories":[38,61,85],"tags":[],"class_list":["post-31852","post","type-post","status-publish","format-standard","has-post-thumbnail","hentry","category-conseils","category-ordinateurs","category-portable"],"yasr_visitor_votes":{"stars_attributes":{"read_only":false,"span_bottom":false},"number_of_votes":0,"sum_votes":0},"yoast_head":"<!-- This site is optimized with the Yoast SEO plugin v27.5 - https:\/\/yoast.com\/product\/yoast-seo-wordpress\/ -->\n<title>PC portable 14 pouces : le format taill\u00e9 pour les professionnels nomades - Rue-Montgallet.com<\/title>\n<meta name=\"robots\" content=\"index, follow, max-snippet:-1, max-image-preview:large, max-video-preview:-1\" \/>\n<link rel=\"canonical\" href=\"https:\/\/www.rue-montgallet.com\/actualites\/pc-portable-14-pouces-le-format-taille-pour-les-professionnels-nomades\/\" \/>\n<meta property=\"og:locale\" content=\"fr_FR\" \/>\n<meta property=\"og:type\" content=\"article\" \/>\n<meta property=\"og:title\" content=\"PC portable 14 pouces : le format taill\u00e9 pour les professionnels nomades - Rue-Montgallet.com\" \/>\n<meta property=\"og:description\" content=\"Pour les professionnels en d\u00e9placement, le PC portable 14 pouces s&rsquo;est impos\u00e9 comme une r\u00e9f\u00e9rence [&hellip;]\" \/>\n<meta property=\"og:url\" content=\"https:\/\/www.rue-montgallet.com\/actualites\/pc-portable-14-pouces-le-format-taille-pour-les-professionnels-nomades\/\" \/>\n<meta property=\"og:site_name\" content=\"Rue-Montgallet.com\" \/>\n<meta property=\"article:published_time\" content=\"2026-04-29T06:15:00+00:00\" \/>\n<meta property=\"og:image\" content=\"https:\/\/www.rue-montgallet.com\/actualites\/wp-content\/uploads\/2026\/04\/portable-14-pouces-format-professionnel.jpg\" \/>\n\t<meta property=\"og:image:width\" content=\"1200\" \/>\n\t<meta property=\"og:image:height\" content=\"682\" \/>\n\t<meta property=\"og:image:type\" content=\"image\/jpeg\" \/>\n<meta name=\"author\" content=\"Romain\" \/>\n<meta name=\"twitter:card\" content=\"summary_large_image\" \/>\n<meta name=\"twitter:label1\" content=\"\u00c9crit par\" \/>\n\t<meta name=\"twitter:data1\" content=\"Romain\" \/>\n\t<meta name=\"twitter:label2\" content=\"Dur\u00e9e de lecture estim\u00e9e\" \/>\n\t<meta name=\"twitter:data2\" content=\"1 minute\" \/>\n<script type=\"application\/ld+json\" class=\"yoast-schema-graph\">{\"@context\":\"https:\\\/\\\/schema.org\",\"@graph\":[{\"@type\":\"Article\",\"@id\":\"https:\\\/\\\/www.rue-montgallet.com\\\/actualites\\\/pc-portable-14-pouces-le-format-taille-pour-les-professionnels-nomades\\\/#article\",\"isPartOf\":{\"@id\":\"https:\\\/\\\/www.rue-montgallet.com\\\/actualites\\\/pc-portable-14-pouces-le-format-taille-pour-les-professionnels-nomades\\\/\"},\"author\":{\"name\":\"Romain\",\"@id\":\"https:\\\/\\\/www.rue-montgallet.com\\\/actualites\\\/#\\\/schema\\\/person\\\/7a49d2ff1cb0ee18ecb80e92064ace3a\"},\"headline\":\"PC portable 14 pouces : le format taill\u00e9 pour les professionnels nomades\",\"datePublished\":\"2026-04-29T06:15:00+00:00\",\"mainEntityOfPage\":{\"@id\":\"https:\\\/\\\/www.rue-montgallet.com\\\/actualites\\\/pc-portable-14-pouces-le-format-taille-pour-les-professionnels-nomades\\\/\"},\"wordCount\":1208,\"image\":{\"@id\":\"https:\\\/\\\/www.rue-montgallet.com\\\/actualites\\\/pc-portable-14-pouces-le-format-taille-pour-les-professionnels-nomades\\\/#primaryimage\"},\"thumbnailUrl\":\"https:\\\/\\\/www.rue-montgallet.com\\\/actualites\\\/wp-content\\\/uploads\\\/2026\\\/04\\\/portable-14-pouces-format-professionnel.jpg\",\"articleSection\":[\"Conseils\",\"Ordinateurs\",\"Portable\"],\"inLanguage\":\"fr-FR\"},{\"@type\":\"WebPage\",\"@id\":\"https:\\\/\\\/www.rue-montgallet.com\\\/actualites\\\/pc-portable-14-pouces-le-format-taille-pour-les-professionnels-nomades\\\/\",\"url\":\"https:\\\/\\\/www.rue-montgallet.com\\\/actualites\\\/pc-portable-14-pouces-le-format-taille-pour-les-professionnels-nomades\\\/\",\"name\":\"PC portable 14 pouces : le format taill\u00e9 pour les professionnels nomades - Rue-Montgallet.com\",\"isPartOf\":{\"@id\":\"https:\\\/\\\/www.rue-montgallet.com\\\/actualites\\\/#website\"},\"primaryImageOfPage\":{\"@id\":\"https:\\\/\\\/www.rue-montgallet.com\\\/actualites\\\/pc-portable-14-pouces-le-format-taille-pour-les-professionnels-nomades\\\/#primaryimage\"},\"image\":{\"@id\":\"https:\\\/\\\/www.rue-montgallet.com\\\/actualites\\\/pc-portable-14-pouces-le-format-taille-pour-les-professionnels-nomades\\\/#primaryimage\"},\"thumbnailUrl\":\"https:\\\/\\\/www.rue-montgallet.com\\\/actualites\\\/wp-content\\\/uploads\\\/2026\\\/04\\\/portable-14-pouces-format-professionnel.jpg\",\"datePublished\":\"2026-04-29T06:15:00+00:00\",\"author\":{\"@id\":\"https:\\\/\\\/www.rue-montgallet.com\\\/actualites\\\/#\\\/schema\\\/person\\\/7a49d2ff1cb0ee18ecb80e92064ace3a\"},\"breadcrumb\":{\"@id\":\"https:\\\/\\\/www.rue-montgallet.com\\\/actualites\\\/pc-portable-14-pouces-le-format-taille-pour-les-professionnels-nomades\\\/#breadcrumb\"},\"inLanguage\":\"fr-FR\",\"potentialAction\":[{\"@type\":\"ReadAction\",\"target\":[\"https:\\\/\\\/www.rue-montgallet.com\\\/actualites\\\/pc-portable-14-pouces-le-format-taille-pour-les-professionnels-nomades\\\/\"]}]},{\"@type\":\"ImageObject\",\"inLanguage\":\"fr-FR\",\"@id\":\"https:\\\/\\\/www.rue-montgallet.com\\\/actualites\\\/pc-portable-14-pouces-le-format-taille-pour-les-professionnels-nomades\\\/#primaryimage\",\"url\":\"https:\\\/\\\/www.rue-montgallet.com\\\/actualites\\\/wp-content\\\/uploads\\\/2026\\\/04\\\/portable-14-pouces-format-professionnel.jpg\",\"contentUrl\":\"https:\\\/\\\/www.rue-montgallet.com\\\/actualites\\\/wp-content\\\/uploads\\\/2026\\\/04\\\/portable-14-pouces-format-professionnel.jpg\",\"width\":1200,\"height\":682,\"caption\":\"PC portable 14 pouces : le format taill\u00e9 pour les professionnels nomades\"},{\"@type\":\"BreadcrumbList\",\"@id\":\"https:\\\/\\\/www.rue-montgallet.com\\\/actualites\\\/pc-portable-14-pouces-le-format-taille-pour-les-professionnels-nomades\\\/#breadcrumb\",\"itemListElement\":[{\"@type\":\"ListItem\",\"position\":1,\"name\":\"Accueil\",\"item\":\"https:\\\/\\\/www.rue-montgallet.com\\\/actualites\\\/\"},{\"@type\":\"ListItem\",\"position\":2,\"name\":\"PC portable 14 pouces : le format taill\u00e9 pour les professionnels nomades\"}]},{\"@type\":\"WebSite\",\"@id\":\"https:\\\/\\\/www.rue-montgallet.com\\\/actualites\\\/#website\",\"url\":\"https:\\\/\\\/www.rue-montgallet.com\\\/actualites\\\/\",\"name\":\"Rue-Montgallet.com\",\"description\":\"Des conseils, des avis, des tests et comparatifs pour les geeks\",\"potentialAction\":[{\"@type\":\"SearchAction\",\"target\":{\"@type\":\"EntryPoint\",\"urlTemplate\":\"https:\\\/\\\/www.rue-montgallet.com\\\/actualites\\\/?s={search_term_string}\"},\"query-input\":{\"@type\":\"PropertyValueSpecification\",\"valueRequired\":true,\"valueName\":\"search_term_string\"}}],\"inLanguage\":\"fr-FR\"},{\"@type\":\"Person\",\"@id\":\"https:\\\/\\\/www.rue-montgallet.com\\\/actualites\\\/#\\\/schema\\\/person\\\/7a49d2ff1cb0ee18ecb80e92064ace3a\",\"name\":\"Romain\",\"image\":{\"@type\":\"ImageObject\",\"inLanguage\":\"fr-FR\",\"@id\":\"https:\\\/\\\/secure.gravatar.com\\\/avatar\\\/2f51e46b22cbd09d77dff2d8d02db90933ed6745f42423a133d149ae2e71cb62?s=96&d=mm&r=g\",\"url\":\"https:\\\/\\\/secure.gravatar.com\\\/avatar\\\/2f51e46b22cbd09d77dff2d8d02db90933ed6745f42423a133d149ae2e71cb62?s=96&d=mm&r=g\",\"contentUrl\":\"https:\\\/\\\/secure.gravatar.com\\\/avatar\\\/2f51e46b22cbd09d77dff2d8d02db90933ed6745f42423a133d149ae2e71cb62?s=96&d=mm&r=g\",\"caption\":\"Romain\"}},false]}<\/script>\n<!-- \/ Yoast SEO plugin. -->","yoast_head_json":{"title":"PC portable 14 pouces : le format taill\u00e9 pour les professionnels nomades - Rue-Montgallet.com","robots":{"index":"index","follow":"follow","max-snippet":"max-snippet:-1","max-image-preview":"max-image-preview:large","max-video-preview":"max-video-preview:-1"},"canonical":"https:\/\/www.rue-montgallet.com\/actualites\/pc-portable-14-pouces-le-format-taille-pour-les-professionnels-nomades\/","og_locale":"fr_FR","og_type":"article","og_title":"PC portable 14 pouces : le format taill\u00e9 pour les professionnels nomades - Rue-Montgallet.com","og_description":"Pour les professionnels en d\u00e9placement, le PC portable 14 pouces s&rsquo;est impos\u00e9 comme une r\u00e9f\u00e9rence [&hellip;]","og_url":"https:\/\/www.rue-montgallet.com\/actualites\/pc-portable-14-pouces-le-format-taille-pour-les-professionnels-nomades\/","og_site_name":"Rue-Montgallet.com","article_published_time":"2026-04-29T06:15:00+00:00","og_image":[{"width":1200,"height":682,"url":"https:\/\/www.rue-montgallet.com\/actualites\/wp-content\/uploads\/2026\/04\/portable-14-pouces-format-professionnel.jpg","type":"image\/jpeg"}],"author":"Romain","twitter_card":"summary_large_image","twitter_misc":{"\u00c9crit par":"Romain","Dur\u00e9e de lecture estim\u00e9e":"1 minute"},"schema":{"@context":"https:\/\/schema.org","@graph":[{"@type":"Article","@id":"https:\/\/www.rue-montgallet.com\/actualites\/pc-portable-14-pouces-le-format-taille-pour-les-professionnels-nomades\/#article","isPartOf":{"@id":"https:\/\/www.rue-montgallet.com\/actualites\/pc-portable-14-pouces-le-format-taille-pour-les-professionnels-nomades\/"},"author":{"name":"Romain","@id":"https:\/\/www.rue-montgallet.com\/actualites\/#\/schema\/person\/7a49d2ff1cb0ee18ecb80e92064ace3a"},"headline":"PC portable 14 pouces : le format taill\u00e9 pour les professionnels nomades","datePublished":"2026-04-29T06:15:00+00:00","mainEntityOfPage":{"@id":"https:\/\/www.rue-montgallet.com\/actualites\/pc-portable-14-pouces-le-format-taille-pour-les-professionnels-nomades\/"},"wordCount":1208,"image":{"@id":"https:\/\/www.rue-montgallet.com\/actualites\/pc-portable-14-pouces-le-format-taille-pour-les-professionnels-nomades\/#primaryimage"},"thumbnailUrl":"https:\/\/www.rue-montgallet.com\/actualites\/wp-content\/uploads\/2026\/04\/portable-14-pouces-format-professionnel.jpg","articleSection":["Conseils","Ordinateurs","Portable"],"inLanguage":"fr-FR"},{"@type":"WebPage","@id":"https:\/\/www.rue-montgallet.com\/actualites\/pc-portable-14-pouces-le-format-taille-pour-les-professionnels-nomades\/","url":"https:\/\/www.rue-montgallet.com\/actualites\/pc-portable-14-pouces-le-format-taille-pour-les-professionnels-nomades\/","name":"PC portable 14 pouces : le format taill\u00e9 pour les professionnels nomades - Rue-Montgallet.com","isPartOf":{"@id":"https:\/\/www.rue-montgallet.com\/actualites\/#website"},"primaryImageOfPage":{"@id":"https:\/\/www.rue-montgallet.com\/actualites\/pc-portable-14-pouces-le-format-taille-pour-les-professionnels-nomades\/#primaryimage"},"image":{"@id":"https:\/\/www.rue-montgallet.com\/actualites\/pc-portable-14-pouces-le-format-taille-pour-les-professionnels-nomades\/#primaryimage"},"thumbnailUrl":"https:\/\/www.rue-montgallet.com\/actualites\/wp-content\/uploads\/2026\/04\/portable-14-pouces-format-professionnel.jpg","datePublished":"2026-04-29T06:15:00+00:00","author":{"@id":"https:\/\/www.rue-montgallet.com\/actualites\/#\/schema\/person\/7a49d2ff1cb0ee18ecb80e92064ace3a"},"breadcrumb":{"@id":"https:\/\/www.rue-montgallet.com\/actualites\/pc-portable-14-pouces-le-format-taille-pour-les-professionnels-nomades\/#breadcrumb"},"inLanguage":"fr-FR","potentialAction":[{"@type":"ReadAction","target":["https:\/\/www.rue-montgallet.com\/actualites\/pc-portable-14-pouces-le-format-taille-pour-les-professionnels-nomades\/"]}]},{"@type":"ImageObject","inLanguage":"fr-FR","@id":"https:\/\/www.rue-montgallet.com\/actualites\/pc-portable-14-pouces-le-format-taille-pour-les-professionnels-nomades\/#primaryimage","url":"https:\/\/www.rue-montgallet.com\/actualites\/wp-content\/uploads\/2026\/04\/portable-14-pouces-format-professionnel.jpg","contentUrl":"https:\/\/www.rue-montgallet.com\/actualites\/wp-content\/uploads\/2026\/04\/portable-14-pouces-format-professionnel.jpg","width":1200,"height":682,"caption":"PC portable 14 pouces : le format taill\u00e9 pour les professionnels nomades"},{"@type":"BreadcrumbList","@id":"https:\/\/www.rue-montgallet.com\/actualites\/pc-portable-14-pouces-le-format-taille-pour-les-professionnels-nomades\/#breadcrumb","itemListElement":[{"@type":"ListItem","position":1,"name":"Accueil","item":"https:\/\/www.rue-montgallet.com\/actualites\/"},{"@type":"ListItem","position":2,"name":"PC portable 14 pouces : le format taill\u00e9 pour les professionnels nomades"}]},{"@type":"WebSite","@id":"https:\/\/www.rue-montgallet.com\/actualites\/#website","url":"https:\/\/www.rue-montgallet.com\/actualites\/","name":"Rue-Montgallet.com","description":"Des conseils, des avis, des tests et comparatifs pour les geeks","potentialAction":[{"@type":"SearchAction","target":{"@type":"EntryPoint","urlTemplate":"https:\/\/www.rue-montgallet.com\/actualites\/?s={search_term_string}"},"query-input":{"@type":"PropertyValueSpecification","valueRequired":true,"valueName":"search_term_string"}}],"inLanguage":"fr-FR"},{"@type":"Person","@id":"https:\/\/www.rue-montgallet.com\/actualites\/#\/schema\/person\/7a49d2ff1cb0ee18ecb80e92064ace3a","name":"Romain","image":{"@type":"ImageObject","inLanguage":"fr-FR","@id":"https:\/\/secure.gravatar.com\/avatar\/2f51e46b22cbd09d77dff2d8d02db90933ed6745f42423a133d149ae2e71cb62?s=96&d=mm&r=g","url":"https:\/\/secure.gravatar.com\/avatar\/2f51e46b22cbd09d77dff2d8d02db90933ed6745f42423a133d149ae2e71cb62?s=96&d=mm&r=g","contentUrl":"https:\/\/secure.gravatar.com\/avatar\/2f51e46b22cbd09d77dff2d8d02db90933ed6745f42423a133d149ae2e71cb62?s=96&d=mm&r=g","caption":"Romain"}},false]}},"_links":{"self":[{"href":"https:\/\/www.rue-montgallet.com\/actualites\/wp-json\/wp\/v2\/posts\/31852","targetHints":{"allow":["GET"]}}],"collection":[{"href":"https:\/\/www.rue-montgallet.com\/actualites\/wp-json\/wp\/v2\/posts"}],"about":[{"href":"https:\/\/www.rue-montgallet.com\/actualites\/wp-json\/wp\/v2\/types\/post"}],"author":[{"embeddable":true,"href":"https:\/\/www.rue-montgallet.com\/actualites\/wp-json\/wp\/v2\/users\/8"}],"replies":[{"embeddable":true,"href":"https:\/\/www.rue-montgallet.com\/actualites\/wp-json\/wp\/v2\/comments?post=31852"}],"version-history":[{"count":1,"href":"https:\/\/www.rue-montgallet.com\/actualites\/wp-json\/wp\/v2\/posts\/31852\/revisions"}],"predecessor-version":[{"id":31856,"href":"https:\/\/www.rue-montgallet.com\/actualites\/wp-json\/wp\/v2\/posts\/31852\/revisions\/31856"}],"wp:featuredmedia":[{"embeddable":true,"href":"https:\/\/www.rue-montgallet.com\/actualites\/wp-json\/wp\/v2\/media\/31853"}],"wp:attachment":[{"href":"https:\/\/www.rue-montgallet.com\/actualites\/wp-json\/wp\/v2\/media?parent=31852"}],"wp:term":[{"taxonomy":"category","embeddable":true,"href":"https:\/\/www.rue-montgallet.com\/actualites\/wp-json\/wp\/v2\/categories?post=31852"},{"taxonomy":"post_tag","embeddable":true,"href":"https:\/\/www.rue-montgallet.com\/actualites\/wp-json\/wp\/v2\/tags?post=31852"}],"curies":[{"name":"wp","href":"https:\/\/api.w.org\/{rel}","templated":true}]}}